{"id":24651,"date":"2026-01-22T07:02:25","date_gmt":"2026-01-22T06:02:25","guid":{"rendered":"https:\/\/www.rasc.es\/blogacademia\/?p=24651"},"modified":"2026-01-17T13:36:05","modified_gmt":"2026-01-17T12:36:05","slug":"que-esta-sucediendo-en-las-playas-de-huelva-y-ii","status":"publish","type":"post","link":"https:\/\/www.rasc.es\/blogacademia\/?p=24651","title":{"rendered":"\u00bfQu\u00e9 est\u00e1 sucediendo en las playas de Huelva? (y II)"},"content":{"rendered":"<p>&nbsp;<\/p>\n<p><strong>MATALASCA\u00d1AS: BELLEZA EN PELIGRO<\/strong><\/p>\n<p><strong>EL ENCANTO DE MATALASCA\u00d1AS<\/strong><\/p>\n<p><strong>\u00a0\u00a0\u00a0\u00a0\u00a0\u00a0\u00a0\u00a0 <\/strong>Un paseo matutino por la playa de Matalasca\u00f1as nos revela unas escenas mar\u00edtimo-terrestres llenas de luz y color que transmiten sosiego y relajaci\u00f3n. En esta extensi\u00f3n litoral de Do\u00f1ana se funden el horizonte gaditano, las olas que mecen las barras litorales y la orilla, un acantilado milenario, la torre invertida que la simboliza o los palos que la delimitan. Infinitas fotograf\u00edas dan fe de esta belleza singular (Figura 1), que vive un presente preocupante.<\/p>\n<figure id=\"attachment_24652\" aria-describedby=\"caption-attachment-24652\" style=\"width: 563px\" class=\"wp-caption aligncenter\"><img fetchpriority=\"high\" decoding=\"async\" class=\"wp-image-24652\" src=\"http:\/\/www.rasc.es\/blogacademia\/wp-content\/uploads\/2026\/01\/playaH8-300x145.jpg\" alt=\"\" width=\"563\" height=\"272\" srcset=\"https:\/\/www.rasc.es\/blogacademia\/wp-content\/uploads\/2026\/01\/playaH8-300x145.jpg 300w, https:\/\/www.rasc.es\/blogacademia\/wp-content\/uploads\/2026\/01\/playaH8-768x370.jpg 768w, https:\/\/www.rasc.es\/blogacademia\/wp-content\/uploads\/2026\/01\/playaH8.jpg 790w\" sizes=\"(max-width: 563px) 100vw, 563px\" \/><figcaption id=\"caption-attachment-24652\" class=\"wp-caption-text\">Figura 1. Fotograf\u00edas de la playa de Matalasca\u00f1as. Izquierda: palos que la separan del Parque Nacional de Do\u00f1ana, Derecha: Torre La Higuera.<\/figcaption><\/figure>\n<p><strong>NACIMIENTO Y DESARROLLO DE UNA URBANIZACI\u00d3N<\/strong><\/p>\n<p>\u00a0\u00a0\u00a0\u00a0\u00a0\u00a0\u00a0\u00a0 La playa de Matalasca\u00f1as inicia su urbanizaci\u00f3n sobre el cord\u00f3n de dunas estabilizadas de la flecha de Do\u00f1ana\u00a0 a partir del tercer cuarto del siglo XX. En este periodo, diversas construcciones aisladas se situaban sobre el acantilado de El Asperillo, como el Rancho Pichil\u00edn, m\u00edtico lugar de degustaci\u00f3n culinaria ya desaparecido por la erosi\u00f3n costera.<\/p>\n<p>\u00a0\u00a0\u00a0\u00a0\u00a0\u00a0\u00a0\u00a0 Entre 1975 y 1990, el n\u00facleo original situado cerca de la torre de La Higuera se expande notablemente hacia el sureste (Figura 2). Actualmente, la urbanizaci\u00f3n de Matalasca\u00f1as se extiende unos 4,8 km desde su faro, al noroeste, hasta los palos que la delimitan del Parque Nacional de Do\u00f1ana, al sureste.<\/p>\n<figure id=\"attachment_24653\" aria-describedby=\"caption-attachment-24653\" style=\"width: 502px\" class=\"wp-caption aligncenter\"><img decoding=\"async\" class=\"wp-image-24653\" src=\"http:\/\/www.rasc.es\/blogacademia\/wp-content\/uploads\/2026\/01\/playaH9-300x211.jpg\" alt=\"\" width=\"502\" height=\"353\" srcset=\"https:\/\/www.rasc.es\/blogacademia\/wp-content\/uploads\/2026\/01\/playaH9-300x211.jpg 300w, https:\/\/www.rasc.es\/blogacademia\/wp-content\/uploads\/2026\/01\/playaH9.jpg 571w\" sizes=\"(max-width: 502px) 100vw, 502px\" \/><figcaption id=\"caption-attachment-24653\" class=\"wp-caption-text\">Figura 2. Localizaci\u00f3n y crecimiento de Matalasca\u00f1as desde mediados del siglo XX.<\/figcaption><\/figure>\n<p><strong>UNA EROSI\u00d3N EN CURSO: LAS EFECTOS DE CLAUDIA Y FRANCIS <\/strong><\/p>\n<p>\u00a0\u00a0\u00a0\u00a0\u00a0\u00a0\u00a0\u00a0 Matalasca\u00f1as y su entorno est\u00e1n afectados peri\u00f3dicamente por las tormentas invernales, con efectos notables sobre la primera l\u00ednea de playa. Un ejemplo claro es el oto\u00f1o-invierno de 2025-2026. En diciembre de 2025, la borrasca Claudia afect\u00f3 severamente a los sectores de Ca\u00f1o Guerrero y el Pueblo Andaluz. De forma gen\u00e9rica, las escaleras y accesos a la playa de estas zonas han actuado como n\u00facleos para la erosi\u00f3n y desmantelamiento del paseo mar\u00edtimo colindante, e incluso comienza a verse afectada por colapsos puntuales la zona interna de Ca\u00f1o Guerrero ocupada inicialmente por c\u00e9spedes y jardines. Una secuencia destructiva puede observarse en la figura 3.<\/p>\n<figure id=\"attachment_24654\" aria-describedby=\"caption-attachment-24654\" style=\"width: 503px\" class=\"wp-caption aligncenter\"><img decoding=\"async\" class=\"wp-image-24654\" src=\"http:\/\/www.rasc.es\/blogacademia\/wp-content\/uploads\/2026\/01\/playaH10-300x231.jpg\" alt=\"\" width=\"503\" height=\"387\" srcset=\"https:\/\/www.rasc.es\/blogacademia\/wp-content\/uploads\/2026\/01\/playaH10-300x231.jpg 300w, https:\/\/www.rasc.es\/blogacademia\/wp-content\/uploads\/2026\/01\/playaH10.jpg 623w\" sizes=\"(max-width: 503px) 100vw, 503px\" \/><figcaption id=\"caption-attachment-24654\" class=\"wp-caption-text\">Figura 3. Desmantelamiento progresivo del paseo mar\u00edtimo por la acci\u00f3n de la borrasca Claudia (diciembre de 2025)<\/figcaption><\/figure>\n<p>En enero de 2026, la borrasca Francis ha contribuido a la destrucci\u00f3n de una parte sustancial del paseo mar\u00edtimo situado en Ca\u00f1o Guerrero y la urbanizaci\u00f3n Pueblo Andaluz adyacente (Figura 4). Hay zonas donde este paseo ha desaparecido y el embate de las olas est\u00e1 amenazando ya a los cimientos de viviendas, como el edificio Alcot\u00e1n, que ha sido desalojado (5\/1\/2026).<\/p>\n<figure id=\"attachment_24655\" aria-describedby=\"caption-attachment-24655\" style=\"width: 584px\" class=\"wp-caption aligncenter\"><img loading=\"lazy\" decoding=\"async\" class=\"wp-image-24655\" src=\"http:\/\/www.rasc.es\/blogacademia\/wp-content\/uploads\/2026\/01\/playaH11-300x151.jpg\" alt=\"\" width=\"584\" height=\"294\" srcset=\"https:\/\/www.rasc.es\/blogacademia\/wp-content\/uploads\/2026\/01\/playaH11-300x151.jpg 300w, https:\/\/www.rasc.es\/blogacademia\/wp-content\/uploads\/2026\/01\/playaH11.jpg 677w\" sizes=\"(max-width: 584px) 100vw, 584px\" \/><figcaption id=\"caption-attachment-24655\" class=\"wp-caption-text\">Figura 4. Efectos de la borrasca Francis (enero de 2026) sobre el paseo mar\u00edtimo y zonas colindantes.<\/figcaption><\/figure>\n<p><strong>LA REGENERACI\u00d3N ACTUAL Y EL FUTURO INMEDIATO<\/strong><\/p>\n<p>\u00a0\u00a0\u00a0\u00a0\u00a0\u00a0\u00a0\u00a0 En diciembre de 2025 han comenzado las obras de regeneraci\u00f3n de la playa de Matalasca\u00f1as, con una inversi\u00f3n prevista de 6 M\u20ac y el aporte de 700.000 m<sup>3<\/sup> de arena, que proceden en gran medida de su extracci\u00f3n en bancos submareales pr\u00f3ximos, mediante dos dragas de 6.000 m<sup>3<\/sup> y 8.000 m<sup>3<\/sup>. Adem\u00e1s, est\u00e1 prevista la remodelaci\u00f3n de 9 espigones. El aporte de arena se est\u00e1 realizando en sentido oeste-este y las nuevas contribuciones sedimentarias se diferencian por su color rojizo, en contraste con los tonos amarillentos de la playa previa (Figura 5).<\/p>\n<figure id=\"attachment_24656\" aria-describedby=\"caption-attachment-24656\" style=\"width: 563px\" class=\"wp-caption aligncenter\"><img loading=\"lazy\" decoding=\"async\" class=\"wp-image-24656\" src=\"http:\/\/www.rasc.es\/blogacademia\/wp-content\/uploads\/2026\/01\/playaH12-300x207.jpg\" alt=\"\" width=\"563\" height=\"389\" srcset=\"https:\/\/www.rasc.es\/blogacademia\/wp-content\/uploads\/2026\/01\/playaH12-300x207.jpg 300w, https:\/\/www.rasc.es\/blogacademia\/wp-content\/uploads\/2026\/01\/playaH12-1024x707.jpg 1024w, https:\/\/www.rasc.es\/blogacademia\/wp-content\/uploads\/2026\/01\/playaH12-768x530.jpg 768w, https:\/\/www.rasc.es\/blogacademia\/wp-content\/uploads\/2026\/01\/playaH12-1536x1061.jpg 1536w, https:\/\/www.rasc.es\/blogacademia\/wp-content\/uploads\/2026\/01\/playaH12-2048x1414.jpg 2048w\" sizes=\"(max-width: 563px) 100vw, 563px\" \/><figcaption id=\"caption-attachment-24656\" class=\"wp-caption-text\">Figura 5. Diciembre 2025-Enero 2026. Aporte de arena extraida por una draga procedente de bancos submareales pr\u00f3ximos a Matalasca\u00f1as<\/figcaption><\/figure>\n<p>Los pr\u00f3ximos a\u00f1os pondr\u00e1n a prueba la eficacia de estas y futuras medidas correctoras. En particular, deben efectuarse: i) un replanteamiento urban\u00edstico ineludible de la primera l\u00ednea de playa; ii) un an\u00e1lisis continuo de las posibles p\u00e9rdidas de arena o cambios geomorfol\u00f3gicos de la playa por la acci\u00f3n mareal, la deriva litoral y la subida del nivel del mar;\u00a0 iii) un seguimiento de la influencia de los nuevos espigones y los aportes de arena sobre la din\u00e1mica sedimentaria de la playa; y iV) una modelizaci\u00f3n de su posible evoluci\u00f3n futura en funci\u00f3n de los resultados previos obtenidos.\u00a0<\/p>\n<p><strong>UNA TENDENCIA CENTENARIA \u2026<\/strong><\/p>\n<p><strong>\u00a0\u00a0\u00a0\u00a0\u00a0\u00a0\u00a0\u00a0 <\/strong>Estos episodios erosivos tambi\u00e9n afectan claramente al acantilado de El Asperillo, adyacente a Matalasca\u00f1as. Actualmente, las evidencias erosivas de este acantilado son patentes, con la presencia de conos de derrubios, avalanchas y deslizamientos procedentes de la acci\u00f3n de la arroyada y los colapsos gravitatorios, facilitados por las numerosas fracturas de estas arenas poco compactadas, as\u00ed como por la acci\u00f3n mareal. Todo ello conlleva el retroceso paulatino del acantilado, un fen\u00f3meno que comenz\u00f3 hace siglos o incluso milenios.<\/p>\n<p>\u00a0\u00a0\u00a0\u00a0\u00a0\u00a0\u00a0\u00a0 A finales del siglo XVI, esta costa era frecuentemente atacada por piratas y corsarios. En 1577, el rey Felipe II orden\u00f3 la construcci\u00f3n de una serie de torres almenara desde Ayamonte hasta la desembocadura del r\u00edo Guadalquivir. Algunas de ellas se conservan tierra adentro, como la Torre del Catal\u00e1n (Lepe), en tanto que otras han desaparecido o bien s\u00f3lo quedan restos de su planta cil\u00edndrica original, como la Torre la Higuera, el s\u00edmbolo de Matalasca\u00f1as. Ello atestigua que una misma costa puede incluir zonas progradantes hacia el mar y sectores retrogradantes o erosivos.<\/p>\n<p>\u00a0\u00a0\u00a0\u00a0\u00a0\u00a0\u00a0\u00a0 La Torre la Higuera termin\u00f3 de construirse en 1638, pero ya en 1739 yac\u00eda derrumbada en la playa por los efectos de un temporal, como atestigua un informe remitido ese a\u00f1o por el ingeniero militar Ignacio Salas. Hoy, su c\u00e9lebre base invertida yace en la zona intermareal de Matalasca\u00f1as a unos 120 m del acantilado (Figura 6), una distancia que permite calcular un retroceso medio del acantilado de El Asperillo en torno a 0,4 m\/a\u00f1o en los \u00faltimos tres siglos.<\/p>\n<figure id=\"attachment_24657\" aria-describedby=\"caption-attachment-24657\" style=\"width: 636px\" class=\"wp-caption aligncenter\"><img loading=\"lazy\" decoding=\"async\" class=\"wp-image-24657\" src=\"http:\/\/www.rasc.es\/blogacademia\/wp-content\/uploads\/2026\/01\/playaH13-300x206.jpg\" alt=\"\" width=\"636\" height=\"437\" srcset=\"https:\/\/www.rasc.es\/blogacademia\/wp-content\/uploads\/2026\/01\/playaH13-300x206.jpg 300w, https:\/\/www.rasc.es\/blogacademia\/wp-content\/uploads\/2026\/01\/playaH13-1024x702.jpg 1024w, https:\/\/www.rasc.es\/blogacademia\/wp-content\/uploads\/2026\/01\/playaH13-768x526.jpg 768w, https:\/\/www.rasc.es\/blogacademia\/wp-content\/uploads\/2026\/01\/playaH13-1536x1053.jpg 1536w, https:\/\/www.rasc.es\/blogacademia\/wp-content\/uploads\/2026\/01\/playaH13-2048x1404.jpg 2048w\" sizes=\"(max-width: 636px) 100vw, 636px\" \/><figcaption id=\"caption-attachment-24657\" class=\"wp-caption-text\">Figura 6. Localizaci\u00f3n y evidencias erosivas en el acantilado de El Asperillo, sobre el que se situaba la Torre de la Higuera, de forma similar a la Torre del Catal\u00e1n.<\/figcaption><\/figure>\n<p><strong>\u2026QUE DESTRUYE ESENCIAS<\/strong><\/p>\n<p><strong>\u00a0\u00a0\u00a0\u00a0\u00a0\u00a0\u00a0\u00a0 <\/strong>El Rancho Pichil\u00edn ha sido un icono de la cultura gastron\u00f3mica de Matalasca\u00f1as desde mediados del siglo XX. Situado sobre el acantilado de El Asperillo, generaciones de vecinos y turistas\u00a0 han podido degustar sus pescados y disfrutar de unas excepcionales vistas panor\u00e1micas desde su terraza. Desafortunadamente, hoy s\u00f3lo pueden contemplarse los restos parciales de sus construcciones debido a la notable erosi\u00f3n de este sector en los \u00faltimos cinco a\u00f1os (Figura 7).<\/p>\n<figure id=\"attachment_24658\" aria-describedby=\"caption-attachment-24658\" style=\"width: 433px\" class=\"wp-caption aligncenter\"><img loading=\"lazy\" decoding=\"async\" class=\"wp-image-24658\" src=\"http:\/\/www.rasc.es\/blogacademia\/wp-content\/uploads\/2026\/01\/playaH14-229x300.jpg\" alt=\"\" width=\"433\" height=\"567\" srcset=\"https:\/\/www.rasc.es\/blogacademia\/wp-content\/uploads\/2026\/01\/playaH14-229x300.jpg 229w, https:\/\/www.rasc.es\/blogacademia\/wp-content\/uploads\/2026\/01\/playaH14-781x1024.jpg 781w, https:\/\/www.rasc.es\/blogacademia\/wp-content\/uploads\/2026\/01\/playaH14-768x1006.jpg 768w, https:\/\/www.rasc.es\/blogacademia\/wp-content\/uploads\/2026\/01\/playaH14-1172x1536.jpg 1172w, https:\/\/www.rasc.es\/blogacademia\/wp-content\/uploads\/2026\/01\/playaH14-1563x2048.jpg 1563w, https:\/\/www.rasc.es\/blogacademia\/wp-content\/uploads\/2026\/01\/playaH14-scaled.jpg 1953w\" sizes=\"(max-width: 433px) 100vw, 433px\" \/><figcaption id=\"caption-attachment-24658\" class=\"wp-caption-text\">Figura 7. Evoluci\u00f3n erosiva del Rancho Pichil\u00edn hasta su destrucci\u00f3n en 2025<\/figcaption><\/figure>\n<p>&nbsp;<\/p>\n","protected":false},"excerpt":{"rendered":"<p>&nbsp; MATALASCA\u00d1AS: BELLEZA EN PELIGRO EL ENCANTO DE MATALASCA\u00d1AS \u00a0\u00a0\u00a0\u00a0\u00a0\u00a0\u00a0\u00a0 Un paseo matutino por la playa de Matalasca\u00f1as nos revela unas escenas mar\u00edtimo-terrestres llenas de luz y color que transmiten sosiego y relajaci\u00f3n. En esta extensi\u00f3n litoral de Do\u00f1ana se funden el horizonte gaditano, las olas que mecen las barras litorales y la orilla, un [&hellip;]<\/p>\n","protected":false},"author":92,"featured_media":24661,"comment_status":"open","ping_status":"closed","sticky":false,"template":"","format":"standard","meta":{"_uag_custom_page_level_css":"","site-sidebar-layout":"default","site-content-layout":"","ast-site-content-layout":"default","site-content-style":"default","site-sidebar-style":"default","ast-global-header-display":"","ast-banner-title-visibility":"","ast-main-header-display":"","ast-hfb-above-header-display":"","ast-hfb-below-header-display":"","ast-hfb-mobile-header-display":"","site-post-title":"","ast-breadcrumbs-content":"","ast-featured-img":"","footer-sml-layout":"","theme-transparent-header-meta":"default","adv-header-id-meta":"","stick-header-meta":"","header-above-stick-meta":"","header-main-stick-meta":"","header-below-stick-meta":"","astra-migrate-meta-layouts":"set","ast-page-background-enabled":"default","ast-page-background-meta":{"desktop":{"background-color":"","background-image":"","background-repeat":"repeat","background-position":"center center","background-size":"auto","background-attachment":"scroll","background-type":"","background-media":"","overlay-type":"","overlay-color":"","overlay-opacity":"","overlay-gradient":""},"tablet":{"background-color":"","background-image":"","background-repeat":"repeat","background-position":"center center","background-size":"auto","background-attachment":"scroll","background-type":"","background-media":"","overlay-type":"","overlay-color":"","overlay-opacity":"","overlay-gradient":""},"mobile":{"background-color":"","background-image":"","background-repeat":"repeat","background-position":"center center","background-size":"auto","background-attachment":"scroll","background-type":"","background-media":"","overlay-type":"","overlay-color":"","overlay-opacity":"","overlay-gradient":""}},"ast-content-background-meta":{"desktop":{"background-color":"var(--ast-global-color-5)","background-image":"","background-repeat":"repeat","background-position":"center center","background-size":"auto","background-attachment":"scroll","background-type":"","background-media":"","overlay-type":"","overlay-color":"","overlay-opacity":"","overlay-gradient":""},"tablet":{"background-color":"var(--ast-global-color-5)","background-image":"","background-repeat":"repeat","background-position":"center center","background-size":"auto","background-attachment":"scroll","background-type":"","background-media":"","overlay-type":"","overlay-color":"","overlay-opacity":"","overlay-gradient":""},"mobile":{"background-color":"var(--ast-global-color-5)","background-image":"","background-repeat":"repeat","background-position":"center center","background-size":"auto","background-attachment":"scroll","background-type":"","background-media":"","overlay-type":"","overlay-color":"","overlay-opacity":"","overlay-gradient":""}},"_jetpack_memberships_contains_paid_content":false,"footnotes":""},"categories":[2798],"tags":[],"ppma_author":[2924],"class_list":["post-24651","post","type-post","status-publish","format-standard","has-post-thumbnail","hentry","category-actualidad-cientifica"],"jetpack_featured_media_url":"https:\/\/www.rasc.es\/blogacademia\/wp-content\/uploads\/2026\/01\/matalasc.jpg","uagb_featured_image_src":{"full":["https:\/\/www.rasc.es\/blogacademia\/wp-content\/uploads\/2026\/01\/matalasc.jpg",701,470,false],"thumbnail":["https:\/\/www.rasc.es\/blogacademia\/wp-content\/uploads\/2026\/01\/matalasc-150x150.jpg",150,150,true],"medium":["https:\/\/www.rasc.es\/blogacademia\/wp-content\/uploads\/2026\/01\/matalasc-300x201.jpg",300,201,true],"medium_large":["https:\/\/www.rasc.es\/blogacademia\/wp-content\/uploads\/2026\/01\/matalasc.jpg",701,470,false],"large":["https:\/\/www.rasc.es\/blogacademia\/wp-content\/uploads\/2026\/01\/matalasc.jpg",701,470,false],"1536x1536":["https:\/\/www.rasc.es\/blogacademia\/wp-content\/uploads\/2026\/01\/matalasc.jpg",701,470,false],"2048x2048":["https:\/\/www.rasc.es\/blogacademia\/wp-content\/uploads\/2026\/01\/matalasc.jpg",701,470,false],"bdpp-medium":["https:\/\/www.rasc.es\/blogacademia\/wp-content\/uploads\/2026\/01\/matalasc-640x470.jpg",640,470,true]},"uagb_author_info":{"display_name":"Francisco Ruiz Mu\u00f1oz y Joaqu\u00edn Rodr\u00edguez Vidal","author_link":"https:\/\/www.rasc.es\/blogacademia\/?author=92"},"uagb_comment_info":0,"uagb_excerpt":"&nbsp; MATALASCA\u00d1AS: BELLEZA EN PELIGRO EL ENCANTO DE MATALASCA\u00d1AS \u00a0\u00a0\u00a0\u00a0\u00a0\u00a0\u00a0\u00a0 Un paseo matutino por la playa de Matalasca\u00f1as nos revela unas escenas mar\u00edtimo-terrestres llenas de luz y color que transmiten sosiego y relajaci\u00f3n. En esta extensi\u00f3n litoral de Do\u00f1ana se funden el horizonte gaditano, las olas que mecen las barras litorales y la orilla, un&hellip;","jetpack_sharing_enabled":true,"authors":[{"term_id":2924,"user_id":92,"is_guest":0,"slug":"ruiz-rodriguez","display_name":"Francisco Ruiz Mu\u00f1oz y Joaqu\u00edn Rodr\u00edguez Vidal","avatar_url":"https:\/\/secure.gravatar.com\/avatar\/4f47bb00e018bbb613c000fbcb5971ce4671b0f9b22296ed983a103d316d868f?s=96&d=mm&r=g","author_category":"","first_name":"Francisco Ruiz Mu\u00f1oz y Joaqu\u00edn Rodr\u00edguez Vidal","last_name":"","user_url":"","job_title":"","description":""}],"_links":{"self":[{"href":"https:\/\/www.rasc.es\/blogacademia\/index.php?rest_route=\/wp\/v2\/posts\/24651","targetHints":{"allow":["GET"]}}],"collection":[{"href":"https:\/\/www.rasc.es\/blogacademia\/index.php?rest_route=\/wp\/v2\/posts"}],"about":[{"href":"https:\/\/www.rasc.es\/blogacademia\/index.php?rest_route=\/wp\/v2\/types\/post"}],"author":[{"embeddable":true,"href":"https:\/\/www.rasc.es\/blogacademia\/index.php?rest_route=\/wp\/v2\/users\/92"}],"replies":[{"embeddable":true,"href":"https:\/\/www.rasc.es\/blogacademia\/index.php?rest_route=%2Fwp%2Fv2%2Fcomments&post=24651"}],"version-history":[{"count":3,"href":"https:\/\/www.rasc.es\/blogacademia\/index.php?rest_route=\/wp\/v2\/posts\/24651\/revisions"}],"predecessor-version":[{"id":24660,"href":"https:\/\/www.rasc.es\/blogacademia\/index.php?rest_route=\/wp\/v2\/posts\/24651\/revisions\/24660"}],"wp:featuredmedia":[{"embeddable":true,"href":"https:\/\/www.rasc.es\/blogacademia\/index.php?rest_route=\/wp\/v2\/media\/24661"}],"wp:attachment":[{"href":"https:\/\/www.rasc.es\/blogacademia\/index.php?rest_route=%2Fwp%2Fv2%2Fmedia&parent=24651"}],"wp:term":[{"taxonomy":"category","embeddable":true,"href":"https:\/\/www.rasc.es\/blogacademia\/index.php?rest_route=%2Fwp%2Fv2%2Fcategories&post=24651"},{"taxonomy":"post_tag","embeddable":true,"href":"https:\/\/www.rasc.es\/blogacademia\/index.php?rest_route=%2Fwp%2Fv2%2Ftags&post=24651"},{"taxonomy":"author","embeddable":true,"href":"https:\/\/www.rasc.es\/blogacademia\/index.php?rest_route=%2Fwp%2Fv2%2Fppma_author&post=24651"}],"curies":[{"name":"wp","href":"https:\/\/api.w.org\/{rel}","templated":true}]}}