{"id":25004,"date":"2026-04-28T07:03:15","date_gmt":"2026-04-28T05:03:15","guid":{"rendered":"https:\/\/www.rasc.es\/blogacademia\/?p=25004"},"modified":"2026-04-22T14:21:53","modified_gmt":"2026-04-22T12:21:53","slug":"tordesillas-en-version-espacial","status":"publish","type":"post","link":"https:\/\/www.rasc.es\/blogacademia\/?p=25004","title":{"rendered":"Tordesillas en versi\u00f3n espacial"},"content":{"rendered":"<p>El denominado \u201cTratado de la Luna\u201d, tambi\u00e9n conocido como \u00abAcuerdo que Gobierna las Actividades de los Estados en la Luna y otros Cuerpos Celestes\u201d, fue promovido en 1979 con idea de acordar y establecer unas normas m\u00ednimas de regulaci\u00f3n del uso de los cuerpos astron\u00f3micos dentro del sistema solar, al margen de la Tierra.<\/p>\n<p>Hasta la fecha, solo 18 pa\u00edses lo han firmado y, entre ellos, ninguno de los grandes, que son los que tienen opciones reales de entrar en el juego. A ra\u00edz del reciente viaje a la Luna de la expedici\u00f3n Artemis 2, las reflexiones sobre la exploraci\u00f3n y, sobre todo, explotaci\u00f3n del sat\u00e9lite cobran hoy m\u00e1s actualidad que nunca.<\/p>\n<p>En este contexto, se reproduce a continuaci\u00f3n el art\u00edculo titulado \u201cTordesillas en versi\u00f3n espacial\u201d, publicado en el diario <em>La Verdad<\/em>, de Murcia, en la secci\u00f3n \u201cLa columna de la Academia\u201d, el 20 de julio de 2021<\/p>\n<p><strong>\u00a0<\/strong><\/p>\n<p>&nbsp;<\/p>\n<p><a href=\"https:\/\/www.laverdad.es\/ababol\/ciencia\/tordesillas-version-espacial-20210717203807-nt.html\"><strong>Tordesillas en versi\u00f3n espacial<\/strong><\/a><\/p>\n<p><strong>\u00a0<\/strong><em>Miguel \u00c1ngel de la Rosa<\/em><\/p>\n<figure id=\"attachment_25006\" aria-describedby=\"caption-attachment-25006\" style=\"width: 218px\" class=\"wp-caption alignright\"><img fetchpriority=\"high\" decoding=\"async\" class=\"wp-image-25006 size-medium\" src=\"http:\/\/www.rasc.es\/blogacademia\/wp-content\/uploads\/2026\/04\/tratado_de_tordesillas_1494-218x300.jpg\" alt=\"\" width=\"218\" height=\"300\" srcset=\"https:\/\/www.rasc.es\/blogacademia\/wp-content\/uploads\/2026\/04\/tratado_de_tordesillas_1494-218x300.jpg 218w, https:\/\/www.rasc.es\/blogacademia\/wp-content\/uploads\/2026\/04\/tratado_de_tordesillas_1494.jpg 450w\" sizes=\"(max-width: 218px) 100vw, 218px\" \/><figcaption id=\"caption-attachment-25006\" class=\"wp-caption-text\">Tratado de Tordesillas, documento original<\/figcaption><\/figure>\n<p><img decoding=\"async\" class=\"size-medium wp-image-25005 alignleft\" src=\"http:\/\/www.rasc.es\/blogacademia\/wp-content\/uploads\/2026\/04\/maparepartodelmundotordesillas-270x300.jpg\" alt=\"\" width=\"270\" height=\"300\" srcset=\"https:\/\/www.rasc.es\/blogacademia\/wp-content\/uploads\/2026\/04\/maparepartodelmundotordesillas-270x300.jpg 270w, https:\/\/www.rasc.es\/blogacademia\/wp-content\/uploads\/2026\/04\/maparepartodelmundotordesillas.jpg 530w\" sizes=\"(max-width: 270px) 100vw, 270px\" \/>En la localidad vallisoletana de Tordesillas \u2013en 1494, apenas un par de a\u00f1os despu\u00e9s del descubrimiento de Am\u00e9rica por Crist\u00f3bal Col\u00f3n\u2013, los reinos de Espa\u00f1a y Portugal pon\u00edan fin a sus disputas y acordaban repartirse las zonas de navegaci\u00f3n y conquista de la mar oc\u00e9ana y del nuevo mundo. El as\u00ed conocido como Tratado de Tordesillas establec\u00eda una l\u00ednea de demarcaci\u00f3n situada a 370 leguas al oeste de las islas de Cabo Verde. De esta forma, los portugueses proteg\u00edan sus rutas africanas y los espa\u00f1oles se garantizaban las conquistas transatl\u00e1nticas. El acuerdo recibi\u00f3 la confirmaci\u00f3n apost\u00f3lica del Papa Julio II en 1506 con la bula <em>Ea quae pro bono<\/em>, que ven\u00eda a ordenar la expansi\u00f3n portuguesa y castellana en \u00c1frica e Indias, respectivamente, bajo pena de excomuni\u00f3n en caso de incumplimiento.<\/p>\n<p>Hace tan solo unas semanas, China consegu\u00eda que la nave espacial Tianwen-1 \u201caterrizara\u201d en la superficie de Marte. Unos meses antes, en febrero, hab\u00eda hecho lo propio la nave estadounidense Perseverance, apenas pocos d\u00edas despu\u00e9s de que la sonda Hope, lanzada por los Emiratos \u00c1rabes, alcanzara la \u00f3rbita marciana. La Uni\u00f3n Europea, Rusia y hasta Elon Musk, fundador de Tesla, contemplan la exploraci\u00f3n de Marte entre sus proyectos a corto plazo\u2026 Parece que el planeta rojo haya renovado el inter\u00e9s por la emigraci\u00f3n al espacio de los terr\u00edcolas, al igual que a\u00f1os atr\u00e1s lo hizo la Luna, cuando en 1969 el hombre consigui\u00f3 poner el pie por primera vez en el sat\u00e9lite terrestre a bordo de la nave Apolo 11.<\/p>\n<p>El paralelismo entre una y otra aventura exploratoria, entre la conquista de Am\u00e9rica y la conquista del espacio, es evidente. El af\u00e1n propio del hombre por adentrarse en lo desconocido, por acaparar recursos y bienes preciados, por extender su cultura y religi\u00f3n y, en definitiva, por ampliar su esfera de poder constituye en conjunto la fuerza impulsora de las grandes expediciones. Es l\u00f3gico pensar, por tanto, que las disputas por la primicia en la llegada, con el consiguiente reconocimiento de soberan\u00eda y derecho de explotaci\u00f3n de los nuevos territorios, surjan dentro de poco en la carrera extraterrestre como antes lo hicieron en la carrera de Indias. La miner\u00eda espacial ya ha comenzado y la colonizaci\u00f3n humana de Marte y la Luna dejar\u00e1 de ser ciencia-ficci\u00f3n en no mucho tiempo.<\/p>\n<p>La reedici\u00f3n del Tratado de Tordesillas en versi\u00f3n espacial se vislumbra como soluci\u00f3n inevitable a las m\u00e1s que previsibles disputas internacionales por los nuevos descubrimientos y expansiones del hombre fuera de la Tierra. Esperemos que al menos no haga falta llegar a la intervenci\u00f3n del Vaticano.<\/p>\n","protected":false},"excerpt":{"rendered":"<p>El denominado \u201cTratado de la Luna\u201d, tambi\u00e9n conocido como \u00abAcuerdo que Gobierna las Actividades de los Estados en la Luna y otros Cuerpos Celestes\u201d, fue promovido en 1979 con idea de acordar y establecer unas normas m\u00ednimas de regulaci\u00f3n del uso de los cuerpos astron\u00f3micos dentro del sistema solar, al margen de la Tierra. Hasta [&hellip;]<\/p>\n","protected":false},"author":49,"featured_media":25008,"comment_status":"open","ping_status":"closed","sticky":false,"template":"","format":"standard","meta":{"_uag_custom_page_level_css":"","site-sidebar-layout":"default","site-content-layout":"","ast-site-content-layout":"default","site-content-style":"default","site-sidebar-style":"default","ast-global-header-display":"","ast-banner-title-visibility":"","ast-main-header-display":"","ast-hfb-above-header-display":"","ast-hfb-below-header-display":"","ast-hfb-mobile-header-display":"","site-post-title":"","ast-breadcrumbs-content":"","ast-featured-img":"","footer-sml-layout":"","theme-transparent-header-meta":"default","adv-header-id-meta":"","stick-header-meta":"","header-above-stick-meta":"","header-main-stick-meta":"","header-below-stick-meta":"","astra-migrate-meta-layouts":"set","ast-page-background-enabled":"default","ast-page-background-meta":{"desktop":{"background-color":"","background-image":"","background-repeat":"repeat","background-position":"center center","background-size":"auto","background-attachment":"scroll","background-type":"","background-media":"","overlay-type":"","overlay-color":"","overlay-opacity":"","overlay-gradient":""},"tablet":{"background-color":"","background-image":"","background-repeat":"repeat","background-position":"center center","background-size":"auto","background-attachment":"scroll","background-type":"","background-media":"","overlay-type":"","overlay-color":"","overlay-opacity":"","overlay-gradient":""},"mobile":{"background-color":"","background-image":"","background-repeat":"repeat","background-position":"center center","background-size":"auto","background-attachment":"scroll","background-type":"","background-media":"","overlay-type":"","overlay-color":"","overlay-opacity":"","overlay-gradient":""}},"ast-content-background-meta":{"desktop":{"background-color":"var(--ast-global-color-5)","background-image":"","background-repeat":"repeat","background-position":"center center","background-size":"auto","background-attachment":"scroll","background-type":"","background-media":"","overlay-type":"","overlay-color":"","overlay-opacity":"","overlay-gradient":""},"tablet":{"background-color":"var(--ast-global-color-5)","background-image":"","background-repeat":"repeat","background-position":"center center","background-size":"auto","background-attachment":"scroll","background-type":"","background-media":"","overlay-type":"","overlay-color":"","overlay-opacity":"","overlay-gradient":""},"mobile":{"background-color":"var(--ast-global-color-5)","background-image":"","background-repeat":"repeat","background-position":"center center","background-size":"auto","background-attachment":"scroll","background-type":"","background-media":"","overlay-type":"","overlay-color":"","overlay-opacity":"","overlay-gradient":""}},"_jetpack_memberships_contains_paid_content":false,"footnotes":""},"categories":[2798],"tags":[],"ppma_author":[2829],"class_list":["post-25004","post","type-post","status-publish","format-standard","has-post-thumbnail","hentry","category-actualidad-cientifica"],"jetpack_featured_media_url":"https:\/\/www.rasc.es\/blogacademia\/wp-content\/uploads\/2026\/04\/luna-tierra.jpg","uagb_featured_image_src":{"full":["https:\/\/www.rasc.es\/blogacademia\/wp-content\/uploads\/2026\/04\/luna-tierra.jpg",1598,1069,false],"thumbnail":["https:\/\/www.rasc.es\/blogacademia\/wp-content\/uploads\/2026\/04\/luna-tierra-150x150.jpg",150,150,true],"medium":["https:\/\/www.rasc.es\/blogacademia\/wp-content\/uploads\/2026\/04\/luna-tierra-300x201.jpg",300,201,true],"medium_large":["https:\/\/www.rasc.es\/blogacademia\/wp-content\/uploads\/2026\/04\/luna-tierra-768x514.jpg",768,514,true],"large":["https:\/\/www.rasc.es\/blogacademia\/wp-content\/uploads\/2026\/04\/luna-tierra-1024x685.jpg",1024,685,true],"1536x1536":["https:\/\/www.rasc.es\/blogacademia\/wp-content\/uploads\/2026\/04\/luna-tierra-1536x1028.jpg",1536,1028,true],"2048x2048":["https:\/\/www.rasc.es\/blogacademia\/wp-content\/uploads\/2026\/04\/luna-tierra.jpg",1598,1069,false],"bdpp-medium":["https:\/\/www.rasc.es\/blogacademia\/wp-content\/uploads\/2026\/04\/luna-tierra-640x480.jpg",640,480,true]},"uagb_author_info":{"display_name":"Miguel \u00c1ngel De la Rosa","author_link":"https:\/\/www.rasc.es\/blogacademia\/?author=49"},"uagb_comment_info":0,"uagb_excerpt":"El denominado \u201cTratado de la Luna\u201d, tambi\u00e9n conocido como \u00abAcuerdo que Gobierna las Actividades de los Estados en la Luna y otros Cuerpos Celestes\u201d, fue promovido en 1979 con idea de acordar y establecer unas normas m\u00ednimas de regulaci\u00f3n del uso de los cuerpos astron\u00f3micos dentro del sistema solar, al margen de la Tierra. Hasta&hellip;","jetpack_sharing_enabled":true,"authors":[{"term_id":2829,"user_id":49,"is_guest":0,"slug":"rosaacosta-ma","display_name":"Miguel \u00c1ngel De la Rosa","avatar_url":"https:\/\/secure.gravatar.com\/avatar\/0023ed9685b73a819bfaa93b41e9a63da66a2ab3d6745a179f5eb9a942bb1a50?s=96&d=mm&r=g","author_category":"","first_name":"Miguel \u00c1ngel","last_name":"De la Rosa","user_url":"","job_title":"","description":""}],"_links":{"self":[{"href":"https:\/\/www.rasc.es\/blogacademia\/index.php?rest_route=\/wp\/v2\/posts\/25004","targetHints":{"allow":["GET"]}}],"collection":[{"href":"https:\/\/www.rasc.es\/blogacademia\/index.php?rest_route=\/wp\/v2\/posts"}],"about":[{"href":"https:\/\/www.rasc.es\/blogacademia\/index.php?rest_route=\/wp\/v2\/types\/post"}],"author":[{"embeddable":true,"href":"https:\/\/www.rasc.es\/blogacademia\/index.php?rest_route=\/wp\/v2\/users\/49"}],"replies":[{"embeddable":true,"href":"https:\/\/www.rasc.es\/blogacademia\/index.php?rest_route=%2Fwp%2Fv2%2Fcomments&post=25004"}],"version-history":[{"count":3,"href":"https:\/\/www.rasc.es\/blogacademia\/index.php?rest_route=\/wp\/v2\/posts\/25004\/revisions"}],"predecessor-version":[{"id":25013,"href":"https:\/\/www.rasc.es\/blogacademia\/index.php?rest_route=\/wp\/v2\/posts\/25004\/revisions\/25013"}],"wp:featuredmedia":[{"embeddable":true,"href":"https:\/\/www.rasc.es\/blogacademia\/index.php?rest_route=\/wp\/v2\/media\/25008"}],"wp:attachment":[{"href":"https:\/\/www.rasc.es\/blogacademia\/index.php?rest_route=%2Fwp%2Fv2%2Fmedia&parent=25004"}],"wp:term":[{"taxonomy":"category","embeddable":true,"href":"https:\/\/www.rasc.es\/blogacademia\/index.php?rest_route=%2Fwp%2Fv2%2Fcategories&post=25004"},{"taxonomy":"post_tag","embeddable":true,"href":"https:\/\/www.rasc.es\/blogacademia\/index.php?rest_route=%2Fwp%2Fv2%2Ftags&post=25004"},{"taxonomy":"author","embeddable":true,"href":"https:\/\/www.rasc.es\/blogacademia\/index.php?rest_route=%2Fwp%2Fv2%2Fppma_author&post=25004"}],"curies":[{"name":"wp","href":"https:\/\/api.w.org\/{rel}","templated":true}]}}